{"id":7958,"date":"2020-04-16T11:48:42","date_gmt":"2020-04-16T08:48:42","guid":{"rendered":"http:\/\/www.suonpaa.net\/?p=7958"},"modified":"2020-06-06T20:10:06","modified_gmt":"2020-06-06T17:10:06","slug":"maaliskuu","status":"publish","type":"post","link":"https:\/\/www.suonpaa.net\/?p=7958","title":{"rendered":"Maaliskuu"},"content":{"rendered":"<p><img loading=\"lazy\" decoding=\"async\" class=\"alignleft size-medium wp-image-8033\" src=\"http:\/\/www.suonpaa.net\/wp-content\/uploads\/2020\/04\/minttusella-375x281.jpg\" alt=\"\" width=\"375\" height=\"281\" srcset=\"https:\/\/www.suonpaa.net\/wp-content\/uploads\/2020\/04\/minttusella-375x281.jpg 375w, https:\/\/www.suonpaa.net\/wp-content\/uploads\/2020\/04\/minttusella-600x450.jpg 600w, https:\/\/www.suonpaa.net\/wp-content\/uploads\/2020\/04\/minttusella.jpg 1024w\" sizes=\"auto, (max-width: 375px) 100vw, 375px\" \/>Minttu k\u00e4vi meill\u00e4 heti kuun alussa v\u00e4h\u00e4n ottamassa Sellasta tuntumaa.\u00a0 Saana p\u00e4\u00e4si ripille ja viel\u00e4 ehdittiin kuin ehdittiinkin pit\u00e4\u00e4 Riemuratsukoiden junnujen lumileiri Levill\u00e4 ennen kuin Korona vy\u00f6ryi p\u00e4\u00e4lle. Leirist\u00e4 kirjoitan v\u00e4h\u00e4n lis\u00e4\u00e4 Tien p\u00e4\u00e4ll\u00e4-osioon, mutta tiivistettyn\u00e4 taas upea reissu ja varmasti saavutettiin se, mit\u00e4 tavoiteltiinkin.<\/p>\n<p>Minttu piipahti t\u00e4\u00e4ll\u00e4 viel\u00e4 treenaamassa enkkua sek\u00e4 matkaratsastusta ja sitten pamahti liikkumiskieto, matkustuskielto, kokoontumiskielto, k\u00e4ttelykielto, ysk\u00e4hdyskielto ja moni muukin kielto sek\u00e4 rajoitus p\u00e4\u00e4lle.<\/p>\n<p>Tatankaa on ratsastettu nyt jo aika s\u00e4\u00e4nn\u00f6llisesti ja kunhan poikkeustilat puretaan niin varmaan saadaan se jossain vaiheessa l\u00e4ht\u00f6viivalle. Karihan sielt\u00e4 on nyt m\u00e4hk\u00e4hdellyt maahan tasaiseen tahtiin, joten ihan on \u00e4itins\u00e4 elkeet tietyiss\u00e4 tilanteissa vaikka luonteeltaan on niin lempe\u00e4.<\/p>\n","protected":false},"excerpt":{"rendered":"<p>Minttu k\u00e4vi meill\u00e4 heti kuun alussa v\u00e4h\u00e4n ottamassa Sellasta tuntumaa.\u00a0 Saana p\u00e4\u00e4si ripille ja viel\u00e4 ehdittiin kuin ehdittiinkin pit\u00e4\u00e4 Riemuratsukoiden junnujen lumileiri Levill\u00e4 ennen kuin Korona vy\u00f6ryi p\u00e4\u00e4lle. Leirist\u00e4 kirjoitan v\u00e4h\u00e4n lis\u00e4\u00e4 Tien p\u00e4\u00e4ll\u00e4-osioon, mutta tiivistettyn\u00e4 taas upea reissu ja varmasti saavutettiin se, mit\u00e4 tavoiteltiinkin. Minttu piipahti t\u00e4\u00e4ll\u00e4 viel\u00e4 treenaamassa enkkua sek\u00e4 matkaratsastusta ja sitten [&hellip;]<\/p>\n","protected":false},"author":2,"featured_media":0,"comment_status":"closed","ping_status":"open","sticky":false,"template":"","format":"standard","meta":{"footnotes":""},"categories":[56],"tags":[],"class_list":["post-7958","post","type-post","status-publish","format-standard","hentry","category-paivakirja-2020"],"_links":{"self":[{"href":"https:\/\/www.suonpaa.net\/index.php?rest_route=\/wp\/v2\/posts\/7958","targetHints":{"allow":["GET"]}}],"collection":[{"href":"https:\/\/www.suonpaa.net\/index.php?rest_route=\/wp\/v2\/posts"}],"about":[{"href":"https:\/\/www.suonpaa.net\/index.php?rest_route=\/wp\/v2\/types\/post"}],"author":[{"embeddable":true,"href":"https:\/\/www.suonpaa.net\/index.php?rest_route=\/wp\/v2\/users\/2"}],"replies":[{"embeddable":true,"href":"https:\/\/www.suonpaa.net\/index.php?rest_route=%2Fwp%2Fv2%2Fcomments&post=7958"}],"version-history":[{"count":5,"href":"https:\/\/www.suonpaa.net\/index.php?rest_route=\/wp\/v2\/posts\/7958\/revisions"}],"predecessor-version":[{"id":8034,"href":"https:\/\/www.suonpaa.net\/index.php?rest_route=\/wp\/v2\/posts\/7958\/revisions\/8034"}],"wp:attachment":[{"href":"https:\/\/www.suonpaa.net\/index.php?rest_route=%2Fwp%2Fv2%2Fmedia&parent=7958"}],"wp:term":[{"taxonomy":"category","embeddable":true,"href":"https:\/\/www.suonpaa.net\/index.php?rest_route=%2Fwp%2Fv2%2Fcategories&post=7958"},{"taxonomy":"post_tag","embeddable":true,"href":"https:\/\/www.suonpaa.net\/index.php?rest_route=%2Fwp%2Fv2%2Ftags&post=7958"}],"curies":[{"name":"wp","href":"https:\/\/api.w.org\/{rel}","templated":true}]}}