{"id":6979,"date":"2019-11-03T21:30:12","date_gmt":"2019-11-03T19:30:12","guid":{"rendered":"http:\/\/www.suonpaa.net\/?p=6979"},"modified":"2019-11-17T22:37:11","modified_gmt":"2019-11-17T20:37:11","slug":"viikko-44","status":"publish","type":"post","link":"https:\/\/www.suonpaa.net\/?p=6979","title":{"rendered":"Viikko 44"},"content":{"rendered":"<p>Kari Vegasissa, m\u00e4 t\u00f6iss\u00e4 ja Satu sek\u00e4 Rita aika lailla tallilla. Alkuviikosta pidin vapaata ja puuhasin tallilla. Maanantaina k\u00e4vin Sellan sel\u00e4ss\u00e4 sill\u00e4 ajatuksella, ett\u00e4 se k\u00e4ytt\u00e4ytyy seuraavana p\u00e4iv\u00e4n\u00e4 Ritan kanssa kunnolla ja k\u00e4ytt\u00e4ytyikin. Pime\u00e4\u00e4 on, m\u00e4rk\u00e4\u00e4 on ja y\u00f6pakkasia luvassa. Ja marraskuu alkaa.<\/p>\n<p><img loading=\"lazy\" decoding=\"async\" class=\"alignleft size-medium wp-image-6981\" src=\"http:\/\/www.suonpaa.net\/wp-content\/uploads\/2019\/11\/vuoden-toimihenkil\u00f6-375x375.jpg\" alt=\"\" width=\"375\" height=\"375\" srcset=\"https:\/\/www.suonpaa.net\/wp-content\/uploads\/2019\/11\/vuoden-toimihenkil\u00f6-375x375.jpg 375w, https:\/\/www.suonpaa.net\/wp-content\/uploads\/2019\/11\/vuoden-toimihenkil\u00f6-150x150.jpg 150w, https:\/\/www.suonpaa.net\/wp-content\/uploads\/2019\/11\/vuoden-toimihenkil\u00f6-300x300.jpg 300w, https:\/\/www.suonpaa.net\/wp-content\/uploads\/2019\/11\/vuoden-toimihenkil\u00f6-600x600.jpg 600w, https:\/\/www.suonpaa.net\/wp-content\/uploads\/2019\/11\/vuoden-toimihenkil\u00f6-100x100.jpg 100w, https:\/\/www.suonpaa.net\/wp-content\/uploads\/2019\/11\/vuoden-toimihenkil\u00f6.jpg 960w\" sizes=\"auto, (max-width: 375px) 100vw, 375px\" \/>Lajiseminaari j\u00e4rjetettiin viikonloppuna poikkeuksellisesti eri aikaa ja eri paikassa kuin liiton muut semiaarit. En oikeastaan pid\u00e4 sit\u00e4 kovinkaan hyv\u00e4n\u00e4 systeemin\u00e4. Pelk\u00e4\u00e4mp\u00e4, ett\u00e4 j\u00e4\u00e4mme viel\u00e4 enemm\u00e4n unholaan jos emme ole mukana liiton yhteisess\u00e4 tapahtumassa. Odotin kovasti, ett\u00e4 Minttua huomioidaan SM-voiton ja 120 hyv\u00e4ksytyn suorituksen johdosta. Ik\u00e4v\u00e4 kyll\u00e4 ei. Yleens\u00e4 mestarit on viel\u00e4 kukitettu tai sukitettu seminaarissa. Pieni k\u00f6mm\u00e4hdys, mielest\u00e4ni. Yksi komitean t\u00e4rke\u00e4 teht\u00e4v\u00e4 minun n\u00e4k\u00f6vinkkelist\u00e4ni on kannustaa ja innostaa harrastajia harrastamaan.\u00a0 Siit\u00e4 syyst\u00e4 kannattaisi muistaa ja palkita pienist\u00e4kin tekemisist\u00e4 ja muistuttaa ihmisten mieliin v\u00e4h\u00e4n isommat tekemiset.\u00a0 T\u00f6pp\u00e4r\u00e4t tyhjensiv\u00e4t palkintop\u00f6yd\u00e4n, mik\u00e4 tietenkin oli ihan ansaittuakin niill\u00e4 kriteereill\u00e4, joita k\u00e4ytettiin. En vaan edelleenk\u00e4\u00e4n ymm\u00e4rr\u00e4, miksi kisakilsoihin ei voida laskea ihan kaikkia kilsoja ja miksi muutenkin komitea haluaa niin kovasti korostaa sit\u00e4, ett\u00e4 keskittyv\u00e4t vain kansallisen tason kehitt\u00e4mseen. N\u00e4in pienen lajin ollessa kyseess\u00e4 kannattaisi panostaa ihan kaikkeen lajin sis\u00e4ll\u00e4 tapahtuvaan.<\/p>\n<p>Noh, naristastani huolimatta kiit\u00e4n my\u00f6s komiteaa. Minut palkittiin vuoden toimihenkil\u00f6n\u00e4. Mainita tuli kyll\u00e4 t\u00e4ysin pyyt\u00e4m\u00e4tt\u00e4 ja yll\u00e4tyksen\u00e4. Mutta kuin edellist\u00e4 avautumistani alleviivatakseni, t\u00e4ytyy sanoa, ett\u00e4 luonnollisesti palkitseminen tuntui mukavalta. Kukaan ei n\u00e4it\u00e4 hommia sen takia tee, ett\u00e4 saisi pystin kirjahyllyyn, mutta jos joskus jotain saa ja nimi mainitaan, niin onhan se kiva!<\/p>\n","protected":false},"excerpt":{"rendered":"<p>Kari Vegasissa, m\u00e4 t\u00f6iss\u00e4 ja Satu sek\u00e4 Rita aika lailla tallilla. Alkuviikosta pidin vapaata ja puuhasin tallilla. Maanantaina k\u00e4vin Sellan sel\u00e4ss\u00e4 sill\u00e4 ajatuksella, ett\u00e4 se k\u00e4ytt\u00e4ytyy seuraavana p\u00e4iv\u00e4n\u00e4 Ritan kanssa kunnolla ja k\u00e4ytt\u00e4ytyikin. Pime\u00e4\u00e4 on, m\u00e4rk\u00e4\u00e4 on ja y\u00f6pakkasia luvassa. Ja marraskuu alkaa. Lajiseminaari j\u00e4rjetettiin viikonloppuna poikkeuksellisesti eri aikaa ja eri paikassa kuin liiton muut [&hellip;]<\/p>\n","protected":false},"author":2,"featured_media":0,"comment_status":"closed","ping_status":"open","sticky":false,"template":"","format":"standard","meta":{"footnotes":""},"categories":[52],"tags":[],"class_list":["post-6979","post","type-post","status-publish","format-standard","hentry","category-paivakirja-2019"],"_links":{"self":[{"href":"https:\/\/www.suonpaa.net\/index.php?rest_route=\/wp\/v2\/posts\/6979","targetHints":{"allow":["GET"]}}],"collection":[{"href":"https:\/\/www.suonpaa.net\/index.php?rest_route=\/wp\/v2\/posts"}],"about":[{"href":"https:\/\/www.suonpaa.net\/index.php?rest_route=\/wp\/v2\/types\/post"}],"author":[{"embeddable":true,"href":"https:\/\/www.suonpaa.net\/index.php?rest_route=\/wp\/v2\/users\/2"}],"replies":[{"embeddable":true,"href":"https:\/\/www.suonpaa.net\/index.php?rest_route=%2Fwp%2Fv2%2Fcomments&post=6979"}],"version-history":[{"count":3,"href":"https:\/\/www.suonpaa.net\/index.php?rest_route=\/wp\/v2\/posts\/6979\/revisions"}],"predecessor-version":[{"id":6983,"href":"https:\/\/www.suonpaa.net\/index.php?rest_route=\/wp\/v2\/posts\/6979\/revisions\/6983"}],"wp:attachment":[{"href":"https:\/\/www.suonpaa.net\/index.php?rest_route=%2Fwp%2Fv2%2Fmedia&parent=6979"}],"wp:term":[{"taxonomy":"category","embeddable":true,"href":"https:\/\/www.suonpaa.net\/index.php?rest_route=%2Fwp%2Fv2%2Fcategories&post=6979"},{"taxonomy":"post_tag","embeddable":true,"href":"https:\/\/www.suonpaa.net\/index.php?rest_route=%2Fwp%2Fv2%2Ftags&post=6979"}],"curies":[{"name":"wp","href":"https:\/\/api.w.org\/{rel}","templated":true}]}}